{"id":55488,"date":"2025-06-13T14:54:05","date_gmt":"2025-06-13T21:54:05","guid":{"rendered":"https:\/\/www.nlacrc.org\/?post_type=stories&#038;p=55488"},"modified":"2025-06-13T16:16:47","modified_gmt":"2025-06-13T23:16:47","slug":"emilio-lifonzo","status":"publish","type":"stories","link":"https:\/\/www.nlacrc.org\/es\/stories\/emilio-lifonzo\/","title":{"rendered":"Emilio Lifonzo"},"content":{"rendered":"<p><img loading=\"lazy\" decoding=\"async\" class=\"alignnone wp-image-55490\" src=\"https:\/\/www.nlacrc.org\/wp-content\/uploads\/2025\/06\/screenshot-2025-06-13-144847.png\" alt=\"\" width=\"254\" height=\"171\" srcset=\"https:\/\/www.nlacrc.org\/wp-content\/uploads\/2025\/06\/screenshot-2025-06-13-144847.png 675w, https:\/\/www.nlacrc.org\/wp-content\/uploads\/2025\/06\/screenshot-2025-06-13-144847-300x202.png 300w, https:\/\/www.nlacrc.org\/wp-content\/uploads\/2025\/06\/screenshot-2025-06-13-144847-18x12.png 18w, https:\/\/www.nlacrc.org\/wp-content\/uploads\/2025\/06\/screenshot-2025-06-13-144847-24x16.png 24w, https:\/\/www.nlacrc.org\/wp-content\/uploads\/2025\/06\/screenshot-2025-06-13-144847-36x24.png 36w, https:\/\/www.nlacrc.org\/wp-content\/uploads\/2025\/06\/screenshot-2025-06-13-144847-48x32.png 48w\" sizes=\"auto, (max-width: 254px) 100vw, 254px\" \/><\/p>\n<p>La historia de Emilio es un poderoso testimonio de resiliencia, apoyo y el impacto transformador de un entorno educativo adecuado. A los cinco a\u00f1os, Emilio enfrent\u00f3 importantes desaf\u00edos debido al autismo, incluyendo ansiedad severa, problemas de comportamiento y sensibilidad sensorial que dificultaban enormemente actividades cotidianas como ir a la escuela, viajar en auto e interactuar socialmente. A trav\u00e9s de a\u00f1os de terapia cognitivo-conductual y ABA, logr\u00f3 un progreso gradual, participando en obras de teatro escolares y competencias de baile a pesar de la abrumadora estimulaci\u00f3n. Sin embargo, la escuela secundaria trajo consigo un per\u00edodo de regresi\u00f3n, en el que Emilio ten\u00eda dificultades incluso para asistir a clases debido a una intensa ansiedad.<\/p>\n<p>El punto de inflexi\u00f3n lleg\u00f3 durante la pandemia de COVID-19, cuando la educaci\u00f3n a distancia revel\u00f3 que las dificultades de Emilio no se deb\u00edan a sus capacidades, sino al entorno escolar tradicional. La transici\u00f3n a la Academia Virtual le permiti\u00f3 prosperar tanto acad\u00e9mica como emocionalmente. Ahora, con un promedio de 4.3, ocupa el puesto #6 en su clase, es miembro vitalicio de CSF, participa activamente en el liderazgo estudiantil y le apasionan las artes culinarias. Su \u00e9xito es el resultado del apoyo incondicional de sus padres, la dedicaci\u00f3n de profesionales y su propia determinaci\u00f3n. Su historia es un faro de esperanza para las familias que atraviesan situaciones similares, demostrando que con el apoyo adecuado, todo es posible.<\/p>\n<p><iframe loading=\"lazy\" title=\"Historia de \u00e9xito de NLACRC: Emilio Lifonzo\" src=\"https:\/\/www.youtube.com\/embed\/cz2JZgbw7wA\" width=\"1326\" height=\"746\" frameborder=\"0\" allowfullscreen=\"allowfullscreen\"><\/iframe><\/p>\n<p>&nbsp;<\/p>","protected":false},"excerpt":{"rendered":"La trayectoria de Emilio es un poderoso testimonio de resiliencia, apoyo y el impacto transformador de un entorno educativo adecuado. A la edad de [\u2026]","protected":false},"author":61,"featured_media":55490,"template":"","meta":{"_acf_changed":false,"advgb_blocks_editor_width":"","advgb_blocks_columns_visual_guide":"","_EventAllDay":false,"_EventTimezone":"","_EventStartDate":"","_EventEndDate":"","_EventStartDateUTC":"","_EventEndDateUTC":"","_EventShowMap":false,"_EventShowMapLink":false,"_EventURL":"","_EventCost":"","_EventCostDescription":"","_EventCurrencySymbol":"","_EventCurrencyCode":"","_EventCurrencyPosition":"","_EventDateTimeSeparator":"","_EventTimeRangeSeparator":"","_EventOrganizerID":[],"_EventVenueID":[],"_OrganizerEmail":"","_OrganizerPhone":"","_OrganizerWebsite":"","_VenueAddress":"","_VenueCity":"","_VenueCountry":"","_VenueProvince":"","_VenueState":"","_VenueZip":"","_VenuePhone":"","_VenueURL":"","_VenueStateProvince":"","_VenueLat":"","_VenueLng":"","_VenueShowMap":false,"_VenueShowMapLink":false,"_tribe_blocks_recurrence_rules":"","_tribe_blocks_recurrence_description":"","_tribe_blocks_recurrence_exclusions":""},"class_list":["post-55488","stories","type-stories","status-publish","has-post-thumbnail","hentry"],"acf":[],"yoast_head":"<!-- This site is optimized with the Yoast SEO plugin v26.4 - https:\/\/yoast.com\/wordpress\/plugins\/seo\/ -->\n<title>Emilio Lifonzo - North Los Angeles County<\/title>\n<meta name=\"description\" content=\"Emilio Lifonzo - Emilio&#039;s journey is a powerful testament to resilience, support, and the transformative impact of the right educational environment. At age five, Emilio\" \/>\n<meta name=\"robots\" content=\"index, follow, max-snippet:-1, max-image-preview:large, max-video-preview:-1\" \/>\n<link rel=\"canonical\" href=\"https:\/\/nlacrc.org\/tl\/stories\/emilio-lifonzo\/\" \/>\n<meta property=\"og:locale\" content=\"es_MX\" \/>\n<meta property=\"og:type\" content=\"article\" \/>\n<meta property=\"og:title\" content=\"Emilio Lifonzo - North Los Angeles County\" \/>\n<meta property=\"og:description\" content=\"Emilio Lifonzo - Emilio&#039;s journey is a powerful testament to resilience, support, and the transformative impact of the right educational environment. At age five, Emilio\" \/>\n<meta property=\"og:url\" content=\"https:\/\/nlacrc.org\/tl\/stories\/emilio-lifonzo\/\" \/>\n<meta property=\"og:site_name\" content=\"North Los Angeles County\" \/>\n<meta property=\"article:publisher\" content=\"https:\/\/www.facebook.com\/NLACRC\/\" \/>\n<meta property=\"article:modified_time\" content=\"2025-06-13T23:16:47+00:00\" \/>\n<meta property=\"og:image\" content=\"https:\/\/nlacrc.org\/wp-content\/uploads\/2025\/06\/screenshot-2025-06-13-144847.png\" \/>\n\t<meta property=\"og:image:width\" content=\"675\" \/>\n\t<meta property=\"og:image:height\" content=\"455\" \/>\n\t<meta property=\"og:image:type\" content=\"image\/png\" \/>\n<meta name=\"twitter:card\" content=\"summary_large_image\" \/>\n<meta name=\"twitter:site\" content=\"@NLACRC\" \/>\n<meta name=\"twitter:label1\" content=\"Est. reading time\" \/>\n\t<meta name=\"twitter:data1\" content=\"2 minutos\" \/>\n<script type=\"application\/ld+json\" class=\"yoast-schema-graph\">{\"@context\":\"https:\/\/schema.org\",\"@graph\":[{\"@type\":\"WebPage\",\"@id\":\"https:\/\/nlacrc.org\/tl\/stories\/emilio-lifonzo\/\",\"url\":\"https:\/\/nlacrc.org\/tl\/stories\/emilio-lifonzo\/\",\"name\":\"Emilio Lifonzo - North Los Angeles County\",\"isPartOf\":{\"@id\":\"https:\/\/www.nlacrc.org\/fa\/#website\"},\"primaryImageOfPage\":{\"@id\":\"https:\/\/nlacrc.org\/tl\/stories\/emilio-lifonzo\/#primaryimage\"},\"image\":{\"@id\":\"https:\/\/nlacrc.org\/tl\/stories\/emilio-lifonzo\/#primaryimage\"},\"thumbnailUrl\":\"https:\/\/www.nlacrc.org\/wp-content\/uploads\/2025\/06\/screenshot-2025-06-13-144847.png\",\"datePublished\":\"2025-06-13T21:54:05+00:00\",\"dateModified\":\"2025-06-13T23:16:47+00:00\",\"description\":\"Emilio Lifonzo - Emilio's journey is a powerful testament to resilience, support, and the transformative impact of the right educational environment. At age five, Emilio\",\"breadcrumb\":{\"@id\":\"https:\/\/nlacrc.org\/tl\/stories\/emilio-lifonzo\/#breadcrumb\"},\"inLanguage\":\"es\",\"potentialAction\":[{\"@type\":\"ReadAction\",\"target\":[\"https:\/\/nlacrc.org\/tl\/stories\/emilio-lifonzo\/\"]}]},{\"@type\":\"ImageObject\",\"inLanguage\":\"es\",\"@id\":\"https:\/\/nlacrc.org\/tl\/stories\/emilio-lifonzo\/#primaryimage\",\"url\":\"https:\/\/www.nlacrc.org\/wp-content\/uploads\/2025\/06\/screenshot-2025-06-13-144847.png\",\"contentUrl\":\"https:\/\/www.nlacrc.org\/wp-content\/uploads\/2025\/06\/screenshot-2025-06-13-144847.png\",\"width\":675,\"height\":455,\"caption\":\"A smiling young person holds a plush Squirtle toy in a store filled with various merchandise.\"},{\"@type\":\"BreadcrumbList\",\"@id\":\"https:\/\/nlacrc.org\/tl\/stories\/emilio-lifonzo\/#breadcrumb\",\"itemListElement\":[{\"@type\":\"ListItem\",\"position\":1,\"name\":\"Home\",\"item\":\"https:\/\/www.nlacrc.org\/fa\/\"},{\"@type\":\"ListItem\",\"position\":2,\"name\":\"Emilio Lifonzo\"}]},{\"@type\":\"WebSite\",\"@id\":\"https:\/\/www.nlacrc.org\/fa\/#website\",\"url\":\"https:\/\/www.nlacrc.org\/fa\/\",\"name\":\"North Los Angeles County\",\"description\":\"Regional Center\",\"publisher\":{\"@id\":\"https:\/\/www.nlacrc.org\/fa\/#organization\"},\"potentialAction\":[{\"@type\":\"SearchAction\",\"target\":{\"@type\":\"EntryPoint\",\"urlTemplate\":\"https:\/\/www.nlacrc.org\/fa\/?s={search_term_string}\"},\"query-input\":{\"@type\":\"PropertyValueSpecification\",\"valueRequired\":true,\"valueName\":\"search_term_string\"}}],\"inLanguage\":\"es\"},{\"@type\":\"Organization\",\"@id\":\"https:\/\/www.nlacrc.org\/fa\/#organization\",\"name\":\"North Los Angeles County\",\"url\":\"https:\/\/www.nlacrc.org\/fa\/\",\"logo\":{\"@type\":\"ImageObject\",\"inLanguage\":\"es\",\"@id\":\"https:\/\/www.nlacrc.org\/fa\/#\/schema\/logo\/image\/\",\"url\":\"https:\/\/www.nlacrc.org\/wp-content\/uploads\/2024\/06\/logo.svg\",\"contentUrl\":\"https:\/\/www.nlacrc.org\/wp-content\/uploads\/2024\/06\/logo.svg\",\"width\":131,\"height\":130,\"caption\":\"North Los Angeles County\"},\"image\":{\"@id\":\"https:\/\/www.nlacrc.org\/fa\/#\/schema\/logo\/image\/\"},\"sameAs\":[\"https:\/\/www.facebook.com\/NLACRC\/\",\"https:\/\/x.com\/NLACRC\"]}]}<\/script>\n<!-- \/ Yoast SEO plugin. -->","yoast_head_json":{"title":"Emilio Lifonzo - Condado Norte de Los \u00c1ngeles","description":"Emilio Lifonzo - La trayectoria de Emilio es un poderoso testimonio de resiliencia, apoyo y el impacto transformador del entorno educativo adecuado. A los cinco a\u00f1os, Emilio","robots":{"index":"index","follow":"follow","max-snippet":"max-snippet:-1","max-image-preview":"max-image-preview:large","max-video-preview":"max-video-preview:-1"},"canonical":"https:\/\/nlacrc.org\/tl\/stories\/emilio-lifonzo\/","og_locale":"es_MX","og_type":"article","og_title":"Emilio Lifonzo - North Los Angeles County","og_description":"Emilio Lifonzo - Emilio's journey is a powerful testament to resilience, support, and the transformative impact of the right educational environment. At age five, Emilio","og_url":"https:\/\/nlacrc.org\/tl\/stories\/emilio-lifonzo\/","og_site_name":"North Los Angeles County","article_publisher":"https:\/\/www.facebook.com\/NLACRC\/","article_modified_time":"2025-06-13T23:16:47+00:00","og_image":[{"width":675,"height":455,"url":"https:\/\/nlacrc.org\/wp-content\/uploads\/2025\/06\/screenshot-2025-06-13-144847.png","type":"image\/png"}],"twitter_card":"summary_large_image","twitter_site":"@NLACRC","twitter_misc":{"Est. reading time":"2 minutos"},"schema":{"@context":"https:\/\/schema.org","@graph":[{"@type":"WebPage","@id":"https:\/\/nlacrc.org\/tl\/stories\/emilio-lifonzo\/","url":"https:\/\/nlacrc.org\/tl\/stories\/emilio-lifonzo\/","name":"Emilio Lifonzo - Condado Norte de Los \u00c1ngeles","isPartOf":{"@id":"https:\/\/www.nlacrc.org\/fa\/#website"},"primaryImageOfPage":{"@id":"https:\/\/nlacrc.org\/tl\/stories\/emilio-lifonzo\/#primaryimage"},"image":{"@id":"https:\/\/nlacrc.org\/tl\/stories\/emilio-lifonzo\/#primaryimage"},"thumbnailUrl":"https:\/\/www.nlacrc.org\/wp-content\/uploads\/2025\/06\/screenshot-2025-06-13-144847.png","datePublished":"2025-06-13T21:54:05+00:00","dateModified":"2025-06-13T23:16:47+00:00","description":"Emilio Lifonzo - La trayectoria de Emilio es un poderoso testimonio de resiliencia, apoyo y el impacto transformador del entorno educativo adecuado. A los cinco a\u00f1os, Emilio","breadcrumb":{"@id":"https:\/\/nlacrc.org\/tl\/stories\/emilio-lifonzo\/#breadcrumb"},"inLanguage":"es","potentialAction":[{"@type":"ReadAction","target":["https:\/\/nlacrc.org\/tl\/stories\/emilio-lifonzo\/"]}]},{"@type":"ImageObject","inLanguage":"es","@id":"https:\/\/nlacrc.org\/tl\/stories\/emilio-lifonzo\/#primaryimage","url":"https:\/\/www.nlacrc.org\/wp-content\/uploads\/2025\/06\/screenshot-2025-06-13-144847.png","contentUrl":"https:\/\/www.nlacrc.org\/wp-content\/uploads\/2025\/06\/screenshot-2025-06-13-144847.png","width":675,"height":455,"caption":"A smiling young person holds a plush Squirtle toy in a store filled with various merchandise."},{"@type":"BreadcrumbList","@id":"https:\/\/nlacrc.org\/tl\/stories\/emilio-lifonzo\/#breadcrumb","itemListElement":[{"@type":"ListItem","position":1,"name":"Home","item":"https:\/\/www.nlacrc.org\/fa\/"},{"@type":"ListItem","position":2,"name":"Emilio Lifonzo"}]},{"@type":"WebSite","@id":"https:\/\/www.nlacrc.org\/fa\/#website","url":"https:\/\/www.nlacrc.org\/fa\/","name":"Norte del condado de Los \u00c1ngeles","description":"Centro Regional","publisher":{"@id":"https:\/\/www.nlacrc.org\/fa\/#organization"},"potentialAction":[{"@type":"SearchAction","target":{"@type":"EntryPoint","urlTemplate":"https:\/\/www.nlacrc.org\/fa\/?s={search_term_string}"},"query-input":{"@type":"PropertyValueSpecification","valueRequired":true,"valueName":"search_term_string"}}],"inLanguage":"es"},{"@type":"Organization","@id":"https:\/\/www.nlacrc.org\/fa\/#organization","name":"Norte del condado de Los \u00c1ngeles","url":"https:\/\/www.nlacrc.org\/fa\/","logo":{"@type":"ImageObject","inLanguage":"es","@id":"https:\/\/www.nlacrc.org\/fa\/#\/schema\/logo\/image\/","url":"https:\/\/www.nlacrc.org\/wp-content\/uploads\/2024\/06\/logo.svg","contentUrl":"https:\/\/www.nlacrc.org\/wp-content\/uploads\/2024\/06\/logo.svg","width":131,"height":130,"caption":"North Los Angeles County"},"image":{"@id":"https:\/\/www.nlacrc.org\/fa\/#\/schema\/logo\/image\/"},"sameAs":["https:\/\/www.facebook.com\/NLACRC\/","https:\/\/x.com\/NLACRC"]}]}},"featured_img":"https:\/\/www.nlacrc.org\/wp-content\/uploads\/2025\/06\/screenshot-2025-06-13-144847.png","coauthors":[],"author_meta":{"author_link":"https:\/\/www.nlacrc.org\/es\/author\/jvanderiet\/","display_name":"jvanderiet"},"relative_dates":{"created":"Publicado 1 a\u00f1o hace","modified":"Actualizado 1 a\u00f1o hace"},"absolute_dates":{"created":"Publicado el junio 13, 2025","modified":"Actualizado el junio 13, 2025"},"absolute_dates_time":{"created":"Publicado el junio 13, 2025 2:54 pm","modified":"Actualizado el junio 13, 2025 4:16 pm"},"featured_img_caption":"","tax_additional":[],"series_order":"","_links":{"self":[{"href":"https:\/\/www.nlacrc.org\/es\/wp-json\/wp\/v2\/stories\/55488","targetHints":{"allow":["GET"]}}],"collection":[{"href":"https:\/\/www.nlacrc.org\/es\/wp-json\/wp\/v2\/stories"}],"about":[{"href":"https:\/\/www.nlacrc.org\/es\/wp-json\/wp\/v2\/types\/stories"}],"wp:featuredmedia":[{"embeddable":true,"href":"https:\/\/www.nlacrc.org\/es\/wp-json\/wp\/v2\/media\/55490"}],"wp:attachment":[{"href":"https:\/\/www.nlacrc.org\/es\/wp-json\/wp\/v2\/media?parent=55488"}],"curies":[{"name":"wp","href":"https:\/\/api.w.org\/{rel}","templated":true}]}}