{"id":52690,"date":"2025-04-10T16:13:10","date_gmt":"2025-04-10T23:13:10","guid":{"rendered":"https:\/\/www.nlacrc.org\/?post_type=stories&#038;p=52690"},"modified":"2025-06-24T10:51:40","modified_gmt":"2025-06-24T17:51:40","slug":"juan-hernandez","status":"publish","type":"stories","link":"https:\/\/www.nlacrc.org\/es\/stories\/juan-hernandez\/","title":{"rendered":"Juan Hern\u00e1ndez"},"content":{"rendered":"<p>La historia de Juan Hern\u00e1ndez es un testimonio del poder de la dedicaci\u00f3n, la tenacidad y la perseverancia. Inicialmente, Juan enfrent\u00f3 dificultades acad\u00e9micas, pero r\u00e1pidamente se integr\u00f3 a la educaci\u00f3n regular una vez que se reconocieron sus capacidades intelectuales. A pesar de su facilidad acad\u00e9mica, experiment\u00f3 dificultades sociales durante la secundaria y el bachillerato.<\/p>\n<p>Apasionado por la inform\u00e1tica, Juan se dedic\u00f3 al desarrollo web y trabaj\u00f3 como profesional inform\u00e1tico independiente. Sin embargo, las exigencias del trabajo freelance lo llevaron a buscar mayor estabilidad. En 2015, fue contratado por el Centro Regional del Norte del Condado de Los \u00c1ngeles (NLACRC), lo que le brind\u00f3 independencia econ\u00f3mica y una base s\u00f3lida para su futuro.<\/p>\n<p>En 2025, la dedicaci\u00f3n y el liderazgo de Juan fueron reconocidos al ser elegido Presidente del Consejo Directivo de NLACRC, lo que le permiti\u00f3 abogar por las personas con discapacidades del desarrollo\/intelectuales.<\/p>\n<p>La trayectoria de Juan ejemplifica c\u00f3mo el \u00e9xito puede encontrarse tanto en los logros profesionales como en la realizaci\u00f3n personal.<\/p>\n<p><iframe loading=\"lazy\" title=\"La historia de \u00e9xito de Juan\" width=\"500\" height=\"281\" src=\"https:\/\/www.youtube.com\/embed\/aXlMHLrPxOE?feature=oembed\" frameborder=\"0\" allow=\"accelerometer; autoplay; clipboard-write; encrypted-media; gyroscope; picture-in-picture; web-share\" referrerpolicy=\"strict-origin-when-cross-origin\" allowfullscreen><\/iframe><\/p>","protected":false},"excerpt":{"rendered":"Juan Hernandez&#8217;s story is a testament to the power of dedication, tenacity, and persistence. Juan initially faced educational challenges but [&hellip;]","protected":false},"author":62,"featured_media":52691,"template":"","meta":{"_acf_changed":false,"advgb_blocks_editor_width":"","advgb_blocks_columns_visual_guide":"","_EventAllDay":false,"_EventTimezone":"","_EventStartDate":"","_EventEndDate":"","_EventStartDateUTC":"","_EventEndDateUTC":"","_EventShowMap":false,"_EventShowMapLink":false,"_EventURL":"","_EventCost":"","_EventCostDescription":"","_EventCurrencySymbol":"","_EventCurrencyCode":"","_EventCurrencyPosition":"","_EventDateTimeSeparator":"","_EventTimeRangeSeparator":"","_EventOrganizerID":[],"_EventVenueID":[],"_OrganizerEmail":"","_OrganizerPhone":"","_OrganizerWebsite":"","_VenueAddress":"","_VenueCity":"","_VenueCountry":"","_VenueProvince":"","_VenueState":"","_VenueZip":"","_VenuePhone":"","_VenueURL":"","_VenueStateProvince":"","_VenueLat":"","_VenueLng":"","_VenueShowMap":false,"_VenueShowMapLink":false,"_tribe_blocks_recurrence_rules":"","_tribe_blocks_recurrence_description":"","_tribe_blocks_recurrence_exclusions":""},"class_list":["post-52690","stories","type-stories","status-publish","has-post-thumbnail","hentry"],"acf":[],"yoast_head":"<!-- This site is optimized with the Yoast SEO plugin v26.4 - https:\/\/yoast.com\/wordpress\/plugins\/seo\/ -->\n<title>Juan Hernandez - North Los Angeles County<\/title>\n<meta name=\"description\" content=\"Juan Hernandez - Juan Hernandez&#039;s story is a testament to the power of dedication, tenacity, and persistence. Juan initially faced educational challenges but quickly\" \/>\n<meta name=\"robots\" content=\"index, follow, max-snippet:-1, max-image-preview:large, max-video-preview:-1\" \/>\n<link rel=\"canonical\" href=\"https:\/\/www.nlacrc.org\/es\/stories\/juan-hernandez\/\" \/>\n<meta property=\"og:locale\" content=\"es_MX\" \/>\n<meta property=\"og:type\" content=\"article\" \/>\n<meta property=\"og:title\" content=\"Juan Hernandez - North Los Angeles County\" \/>\n<meta property=\"og:description\" content=\"Juan Hernandez - Juan Hernandez&#039;s story is a testament to the power of dedication, tenacity, and persistence. Juan initially faced educational challenges but quickly\" \/>\n<meta property=\"og:url\" content=\"https:\/\/www.nlacrc.org\/es\/stories\/juan-hernandez\/\" \/>\n<meta property=\"og:site_name\" content=\"North Los Angeles County\" \/>\n<meta property=\"article:publisher\" content=\"https:\/\/www.facebook.com\/NLACRC\/\" \/>\n<meta property=\"article:modified_time\" content=\"2025-06-24T17:51:40+00:00\" \/>\n<meta property=\"og:image\" content=\"https:\/\/www.nlacrc.org\/wp-content\/uploads\/2025\/04\/juan-story-hs.png\" \/>\n\t<meta property=\"og:image:width\" content=\"200\" \/>\n\t<meta property=\"og:image:height\" content=\"200\" \/>\n\t<meta property=\"og:image:type\" content=\"image\/png\" \/>\n<meta name=\"twitter:card\" content=\"summary_large_image\" \/>\n<meta name=\"twitter:site\" content=\"@NLACRC\" \/>\n<meta name=\"twitter:label1\" content=\"Est. reading time\" \/>\n\t<meta name=\"twitter:data1\" content=\"1 minuto\" \/>\n<script type=\"application\/ld+json\" class=\"yoast-schema-graph\">{\"@context\":\"https:\/\/schema.org\",\"@graph\":[{\"@type\":\"WebPage\",\"@id\":\"https:\/\/www.nlacrc.org\/stories\/juan-hernandez\/\",\"url\":\"https:\/\/www.nlacrc.org\/stories\/juan-hernandez\/\",\"name\":\"Juan Hernandez - North Los Angeles County\",\"isPartOf\":{\"@id\":\"https:\/\/www.nlacrc.org\/fa\/#website\"},\"primaryImageOfPage\":{\"@id\":\"https:\/\/www.nlacrc.org\/stories\/juan-hernandez\/#primaryimage\"},\"image\":{\"@id\":\"https:\/\/www.nlacrc.org\/stories\/juan-hernandez\/#primaryimage\"},\"thumbnailUrl\":\"https:\/\/www.nlacrc.org\/wp-content\/uploads\/2025\/04\/juan-story-hs.png\",\"datePublished\":\"2025-04-10T23:13:10+00:00\",\"dateModified\":\"2025-06-24T17:51:40+00:00\",\"description\":\"Juan Hernandez - Juan Hernandez's story is a testament to the power of dedication, tenacity, and persistence. Juan initially faced educational challenges but quickly\",\"breadcrumb\":{\"@id\":\"https:\/\/www.nlacrc.org\/stories\/juan-hernandez\/#breadcrumb\"},\"inLanguage\":\"es\",\"potentialAction\":[{\"@type\":\"ReadAction\",\"target\":[\"https:\/\/www.nlacrc.org\/stories\/juan-hernandez\/\"]}]},{\"@type\":\"ImageObject\",\"inLanguage\":\"es\",\"@id\":\"https:\/\/www.nlacrc.org\/stories\/juan-hernandez\/#primaryimage\",\"url\":\"https:\/\/www.nlacrc.org\/wp-content\/uploads\/2025\/04\/juan-story-hs.png\",\"contentUrl\":\"https:\/\/www.nlacrc.org\/wp-content\/uploads\/2025\/04\/juan-story-hs.png\",\"width\":200,\"height\":200},{\"@type\":\"BreadcrumbList\",\"@id\":\"https:\/\/www.nlacrc.org\/stories\/juan-hernandez\/#breadcrumb\",\"itemListElement\":[{\"@type\":\"ListItem\",\"position\":1,\"name\":\"Home\",\"item\":\"https:\/\/www.nlacrc.org\/fa\/\"},{\"@type\":\"ListItem\",\"position\":2,\"name\":\"Juan Hernandez\"}]},{\"@type\":\"WebSite\",\"@id\":\"https:\/\/www.nlacrc.org\/fa\/#website\",\"url\":\"https:\/\/www.nlacrc.org\/fa\/\",\"name\":\"North Los Angeles County\",\"description\":\"Regional Center\",\"publisher\":{\"@id\":\"https:\/\/www.nlacrc.org\/fa\/#organization\"},\"potentialAction\":[{\"@type\":\"SearchAction\",\"target\":{\"@type\":\"EntryPoint\",\"urlTemplate\":\"https:\/\/www.nlacrc.org\/fa\/?s={search_term_string}\"},\"query-input\":{\"@type\":\"PropertyValueSpecification\",\"valueRequired\":true,\"valueName\":\"search_term_string\"}}],\"inLanguage\":\"es\"},{\"@type\":\"Organization\",\"@id\":\"https:\/\/www.nlacrc.org\/fa\/#organization\",\"name\":\"North Los Angeles County\",\"url\":\"https:\/\/www.nlacrc.org\/fa\/\",\"logo\":{\"@type\":\"ImageObject\",\"inLanguage\":\"es\",\"@id\":\"https:\/\/www.nlacrc.org\/fa\/#\/schema\/logo\/image\/\",\"url\":\"https:\/\/www.nlacrc.org\/wp-content\/uploads\/2024\/06\/logo.svg\",\"contentUrl\":\"https:\/\/www.nlacrc.org\/wp-content\/uploads\/2024\/06\/logo.svg\",\"width\":131,\"height\":130,\"caption\":\"North Los Angeles County\"},\"image\":{\"@id\":\"https:\/\/www.nlacrc.org\/fa\/#\/schema\/logo\/image\/\"},\"sameAs\":[\"https:\/\/www.facebook.com\/NLACRC\/\",\"https:\/\/x.com\/NLACRC\"]}]}<\/script>\n<!-- \/ Yoast SEO plugin. -->","yoast_head_json":{"title":"Juan Hernandez - North Los Angeles County","description":"Juan Hernandez - Juan Hernandez's story is a testament to the power of dedication, tenacity, and persistence. Juan initially faced educational challenges but quickly","robots":{"index":"index","follow":"follow","max-snippet":"max-snippet:-1","max-image-preview":"max-image-preview:large","max-video-preview":"max-video-preview:-1"},"canonical":"https:\/\/www.nlacrc.org\/es\/stories\/juan-hernandez\/","og_locale":"es_MX","og_type":"article","og_title":"Juan Hernandez - North Los Angeles County","og_description":"Juan Hernandez - Juan Hernandez's story is a testament to the power of dedication, tenacity, and persistence. Juan initially faced educational challenges but quickly","og_url":"https:\/\/www.nlacrc.org\/es\/stories\/juan-hernandez\/","og_site_name":"North Los Angeles County","article_publisher":"https:\/\/www.facebook.com\/NLACRC\/","article_modified_time":"2025-06-24T17:51:40+00:00","og_image":[{"width":200,"height":200,"url":"https:\/\/www.nlacrc.org\/wp-content\/uploads\/2025\/04\/juan-story-hs.png","type":"image\/png"}],"twitter_card":"summary_large_image","twitter_site":"@NLACRC","twitter_misc":{"Est. reading time":"1 minuto"},"schema":{"@context":"https:\/\/schema.org","@graph":[{"@type":"WebPage","@id":"https:\/\/www.nlacrc.org\/stories\/juan-hernandez\/","url":"https:\/\/www.nlacrc.org\/stories\/juan-hernandez\/","name":"Juan Hernandez - North Los Angeles County","isPartOf":{"@id":"https:\/\/www.nlacrc.org\/fa\/#website"},"primaryImageOfPage":{"@id":"https:\/\/www.nlacrc.org\/stories\/juan-hernandez\/#primaryimage"},"image":{"@id":"https:\/\/www.nlacrc.org\/stories\/juan-hernandez\/#primaryimage"},"thumbnailUrl":"https:\/\/www.nlacrc.org\/wp-content\/uploads\/2025\/04\/juan-story-hs.png","datePublished":"2025-04-10T23:13:10+00:00","dateModified":"2025-06-24T17:51:40+00:00","description":"Juan Hernandez - Juan Hernandez's story is a testament to the power of dedication, tenacity, and persistence. Juan initially faced educational challenges but quickly","breadcrumb":{"@id":"https:\/\/www.nlacrc.org\/stories\/juan-hernandez\/#breadcrumb"},"inLanguage":"es","potentialAction":[{"@type":"ReadAction","target":["https:\/\/www.nlacrc.org\/stories\/juan-hernandez\/"]}]},{"@type":"ImageObject","inLanguage":"es","@id":"https:\/\/www.nlacrc.org\/stories\/juan-hernandez\/#primaryimage","url":"https:\/\/www.nlacrc.org\/wp-content\/uploads\/2025\/04\/juan-story-hs.png","contentUrl":"https:\/\/www.nlacrc.org\/wp-content\/uploads\/2025\/04\/juan-story-hs.png","width":200,"height":200},{"@type":"BreadcrumbList","@id":"https:\/\/www.nlacrc.org\/stories\/juan-hernandez\/#breadcrumb","itemListElement":[{"@type":"ListItem","position":1,"name":"Home","item":"https:\/\/www.nlacrc.org\/fa\/"},{"@type":"ListItem","position":2,"name":"Juan Hernandez"}]},{"@type":"WebSite","@id":"https:\/\/www.nlacrc.org\/fa\/#website","url":"https:\/\/www.nlacrc.org\/fa\/","name":"Norte del condado de Los \u00c1ngeles","description":"Centro Regional","publisher":{"@id":"https:\/\/www.nlacrc.org\/fa\/#organization"},"potentialAction":[{"@type":"SearchAction","target":{"@type":"EntryPoint","urlTemplate":"https:\/\/www.nlacrc.org\/fa\/?s={search_term_string}"},"query-input":{"@type":"PropertyValueSpecification","valueRequired":true,"valueName":"search_term_string"}}],"inLanguage":"es"},{"@type":"Organization","@id":"https:\/\/www.nlacrc.org\/fa\/#organization","name":"Norte del condado de Los \u00c1ngeles","url":"https:\/\/www.nlacrc.org\/fa\/","logo":{"@type":"ImageObject","inLanguage":"es","@id":"https:\/\/www.nlacrc.org\/fa\/#\/schema\/logo\/image\/","url":"https:\/\/www.nlacrc.org\/wp-content\/uploads\/2024\/06\/logo.svg","contentUrl":"https:\/\/www.nlacrc.org\/wp-content\/uploads\/2024\/06\/logo.svg","width":131,"height":130,"caption":"North Los Angeles County"},"image":{"@id":"https:\/\/www.nlacrc.org\/fa\/#\/schema\/logo\/image\/"},"sameAs":["https:\/\/www.facebook.com\/NLACRC\/","https:\/\/x.com\/NLACRC"]}]}},"featured_img":"https:\/\/www.nlacrc.org\/wp-content\/uploads\/2025\/04\/juan-story-hs.png","coauthors":[],"author_meta":{"author_link":"https:\/\/www.nlacrc.org\/es\/author\/cwhitlock2\/","display_name":"cwhitlock2"},"relative_dates":{"created":"Publicado 1 a\u00f1o hace","modified":"Actualizado 1 a\u00f1o hace"},"absolute_dates":{"created":"Publicado el abril 10, 2025","modified":"Actualizado el junio 24, 2025"},"absolute_dates_time":{"created":"Publicado el abril 10, 2025 4:13 pm","modified":"Actualizado el junio 24, 2025 10:51 am"},"featured_img_caption":"","tax_additional":[],"series_order":"","_links":{"self":[{"href":"https:\/\/www.nlacrc.org\/es\/wp-json\/wp\/v2\/stories\/52690","targetHints":{"allow":["GET"]}}],"collection":[{"href":"https:\/\/www.nlacrc.org\/es\/wp-json\/wp\/v2\/stories"}],"about":[{"href":"https:\/\/www.nlacrc.org\/es\/wp-json\/wp\/v2\/types\/stories"}],"wp:featuredmedia":[{"embeddable":true,"href":"https:\/\/www.nlacrc.org\/es\/wp-json\/wp\/v2\/media\/52691"}],"wp:attachment":[{"href":"https:\/\/www.nlacrc.org\/es\/wp-json\/wp\/v2\/media?parent=52690"}],"curies":[{"name":"wp","href":"https:\/\/api.w.org\/{rel}","templated":true}]}}